{"id":6356,"date":"2021-04-23T13:12:04","date_gmt":"2021-04-23T11:12:04","guid":{"rendered":"https:\/\/kontent-structures.com\/tijdelijke-distributiecentrum-hema\/"},"modified":"2021-08-16T08:07:45","modified_gmt":"2021-08-16T06:07:45","slug":"temporares-verteilungszentrum-hema","status":"publish","type":"post","link":"https:\/\/kontent-structures.com\/de\/temporares-verteilungszentrum-hema\/","title":{"rendered":"Vertriebszentrum Hema"},"content":{"rendered":"<p><strong>Informationen<\/strong><br \/>\nIm Auftrag von Modern BV konnten wir Hema im vergangenen Monat eine vor\u00fcbergehende Erweiterung ihres Vertriebszentrums anbieten.<br \/>\nAufgrund einer internen Renovierung und Neugestaltung des Geb\u00e4udes wurde beim Kunden ein tempor\u00e4res Lagerzelt aufgestellt. F\u00fcr diesen tempor\u00e4ren Raum wurden 3 Zeltstrukturen mit den folgenden Abmessungen verwendet: 5 x 60 m &#8211; 10 x 15 m &#8211; 15 x 15 m. Da dieser tempor\u00e4re Lagerraum direkt mit dem Firmengeb\u00e4ude verbunden ist, wurde beschlossen, eine spezielle Stahlplatte f\u00fcr einen sauberen Durchgang zum Geb\u00e4ude zu verwenden. Zus\u00e4tzlich wurde eine St\u00fctzmauer aus Latten, Plattenmaterial und Gipskartonplatten in die Zeltunterk\u00fcnfte eingebracht, um die Inflationswirkung zu erh\u00f6hen.<\/p>\n<p>&nbsp;<\/p>\n<p>Auch neugierig auf die M\u00f6glichkeiten f\u00fcr zus\u00e4tzlichen Platz helfen wir Ihnen gerne weiter!<\/p>\n","protected":false},"excerpt":{"rendered":"<p>Informationen Im Auftrag von Modern BV konnten wir Hema im vergangenen Monat eine vor\u00fcbergehende Erweiterung ihres Vertriebszentrums anbieten.<\/p>\n<div class=\"kontent-read\"><a href=\"https:\/\/kontent-structures.com\/de\/temporares-verteilungszentrum-hema\/\" class=\"\"> <i class=\"fas fa-chevron-right\"><\/i><\/a><\/div>\n","protected":false},"author":2,"featured_media":6315,"comment_status":"closed","ping_status":"closed","sticky":false,"template":"","format":"standard","meta":{"_acf_changed":false,"footnotes":""},"categories":[25],"tags":[],"class_list":["post-6356","post","type-post","status-publish","format-standard","has-post-thumbnail","hentry","category-cases"],"acf":[],"yoast_head":"<!-- This site is optimized with the Yoast SEO plugin v27.2 - https:\/\/yoast.com\/product\/yoast-seo-wordpress\/ -->\n<title>Vertriebszentrum Hema<\/title>\n<meta name=\"description\" content=\"Aufgrund einer internen Renovierung und Neugestaltung des Geb\u00e4udes wurde beim Kunden ein tempor\u00e4res Lagerzelt aufgestellt.\" \/>\n<meta name=\"robots\" content=\"index, follow, max-snippet:-1, max-image-preview:large, max-video-preview:-1\" \/>\n<link rel=\"canonical\" href=\"https:\/\/kontent-structures.com\/de\/temporares-verteilungszentrum-hema\/\" \/>\n<meta property=\"og:locale\" content=\"de_DE\" \/>\n<meta property=\"og:type\" content=\"article\" \/>\n<meta property=\"og:title\" content=\"Vertriebszentrum Hema\" \/>\n<meta property=\"og:description\" content=\"Aufgrund einer internen Renovierung und Neugestaltung des Geb\u00e4udes wurde beim Kunden ein tempor\u00e4res Lagerzelt aufgestellt.\" \/>\n<meta property=\"og:url\" content=\"https:\/\/kontent-structures.com\/de\/temporares-verteilungszentrum-hema\/\" \/>\n<meta property=\"og:site_name\" content=\"Kontent Structures\" \/>\n<meta property=\"article:published_time\" content=\"2021-04-23T11:12:04+00:00\" \/>\n<meta property=\"article:modified_time\" content=\"2021-08-16T06:07:45+00:00\" \/>\n<meta property=\"og:image\" content=\"https:\/\/kontent-structures.com\/wp-content\/uploads\/2021\/04\/Hema-buitenaf-1-min-scaled.jpg\" \/>\n\t<meta property=\"og:image:width\" content=\"2560\" \/>\n\t<meta property=\"og:image:height\" content=\"1237\" \/>\n\t<meta property=\"og:image:type\" content=\"image\/jpeg\" \/>\n<meta name=\"author\" content=\"Adam\" \/>\n<meta name=\"twitter:card\" content=\"summary_large_image\" \/>\n<meta name=\"twitter:label1\" content=\"Verfasst von\" \/>\n\t<meta name=\"twitter:data1\" content=\"Adam\" \/>\n\t<meta name=\"twitter:label2\" content=\"Gesch\u00e4tzte Lesezeit\" \/>\n\t<meta name=\"twitter:data2\" content=\"1\u00a0Minute\" \/>\n<script type=\"application\/ld+json\" class=\"yoast-schema-graph\">{\"@context\":\"https:\/\/schema.org\",\"@graph\":[{\"@type\":\"Article\",\"@id\":\"https:\/\/kontent-structures.com\/de\/temporares-verteilungszentrum-hema\/#article\",\"isPartOf\":{\"@id\":\"https:\/\/kontent-structures.com\/de\/temporares-verteilungszentrum-hema\/\"},\"author\":{\"name\":\"Adam\",\"@id\":\"https:\/\/kontent-structures.com\/#\/schema\/person\/33c07a2bc9b9cb5eb840c363eef75930\"},\"headline\":\"Vertriebszentrum Hema\",\"datePublished\":\"2021-04-23T11:12:04+00:00\",\"dateModified\":\"2021-08-16T06:07:45+00:00\",\"mainEntityOfPage\":{\"@id\":\"https:\/\/kontent-structures.com\/de\/temporares-verteilungszentrum-hema\/\"},\"wordCount\":125,\"publisher\":{\"@id\":\"https:\/\/kontent-structures.com\/#organization\"},\"image\":{\"@id\":\"https:\/\/kontent-structures.com\/de\/temporares-verteilungszentrum-hema\/#primaryimage\"},\"thumbnailUrl\":\"https:\/\/kontent-structures.com\/wp-content\/uploads\/2021\/04\/Hema-buitenaf-1-min-scaled.jpg\",\"articleSection\":[\"Cases\"],\"inLanguage\":\"de\"},{\"@type\":\"WebPage\",\"@id\":\"https:\/\/kontent-structures.com\/de\/temporares-verteilungszentrum-hema\/\",\"url\":\"https:\/\/kontent-structures.com\/de\/temporares-verteilungszentrum-hema\/\",\"name\":\"Vertriebszentrum Hema\",\"isPartOf\":{\"@id\":\"https:\/\/kontent-structures.com\/#website\"},\"primaryImageOfPage\":{\"@id\":\"https:\/\/kontent-structures.com\/de\/temporares-verteilungszentrum-hema\/#primaryimage\"},\"image\":{\"@id\":\"https:\/\/kontent-structures.com\/de\/temporares-verteilungszentrum-hema\/#primaryimage\"},\"thumbnailUrl\":\"https:\/\/kontent-structures.com\/wp-content\/uploads\/2021\/04\/Hema-buitenaf-1-min-scaled.jpg\",\"datePublished\":\"2021-04-23T11:12:04+00:00\",\"dateModified\":\"2021-08-16T06:07:45+00:00\",\"description\":\"Aufgrund einer internen Renovierung und Neugestaltung des Geb\u00e4udes wurde beim Kunden ein tempor\u00e4res Lagerzelt aufgestellt.\",\"breadcrumb\":{\"@id\":\"https:\/\/kontent-structures.com\/de\/temporares-verteilungszentrum-hema\/#breadcrumb\"},\"inLanguage\":\"de\",\"potentialAction\":[{\"@type\":\"ReadAction\",\"target\":[\"https:\/\/kontent-structures.com\/de\/temporares-verteilungszentrum-hema\/\"]}]},{\"@type\":\"ImageObject\",\"inLanguage\":\"de\",\"@id\":\"https:\/\/kontent-structures.com\/de\/temporares-verteilungszentrum-hema\/#primaryimage\",\"url\":\"https:\/\/kontent-structures.com\/wp-content\/uploads\/2021\/04\/Hema-buitenaf-1-min-scaled.jpg\",\"contentUrl\":\"https:\/\/kontent-structures.com\/wp-content\/uploads\/2021\/04\/Hema-buitenaf-1-min-scaled.jpg\",\"width\":2560,\"height\":1237,\"caption\":\"Hema distributiecentrum\"},{\"@type\":\"BreadcrumbList\",\"@id\":\"https:\/\/kontent-structures.com\/de\/temporares-verteilungszentrum-hema\/#breadcrumb\",\"itemListElement\":[{\"@type\":\"ListItem\",\"position\":1,\"name\":\"Home\",\"item\":\"https:\/\/kontent-structures.com\/de\/\"},{\"@type\":\"ListItem\",\"position\":2,\"name\":\"Vertriebszentrum Hema\"}]},{\"@type\":\"WebSite\",\"@id\":\"https:\/\/kontent-structures.com\/#website\",\"url\":\"https:\/\/kontent-structures.com\/\",\"name\":\"Kontent Structures\",\"description\":\"En nog een WordPress site\",\"publisher\":{\"@id\":\"https:\/\/kontent-structures.com\/#organization\"},\"potentialAction\":[{\"@type\":\"SearchAction\",\"target\":{\"@type\":\"EntryPoint\",\"urlTemplate\":\"https:\/\/kontent-structures.com\/?s={search_term_string}\"},\"query-input\":{\"@type\":\"PropertyValueSpecification\",\"valueRequired\":true,\"valueName\":\"search_term_string\"}}],\"inLanguage\":\"de\"},{\"@type\":\"Organization\",\"@id\":\"https:\/\/kontent-structures.com\/#organization\",\"name\":\"Kontent Structures\",\"url\":\"https:\/\/kontent-structures.com\/\",\"logo\":{\"@type\":\"ImageObject\",\"inLanguage\":\"de\",\"@id\":\"https:\/\/kontent-structures.com\/#\/schema\/logo\/image\/\",\"url\":\"https:\/\/kontent-structures.com\/wp-content\/uploads\/2021\/04\/Kontent-Structures-verkleind.png\",\"contentUrl\":\"https:\/\/kontent-structures.com\/wp-content\/uploads\/2021\/04\/Kontent-Structures-verkleind.png\",\"width\":400,\"height\":355,\"caption\":\"Kontent Structures\"},\"image\":{\"@id\":\"https:\/\/kontent-structures.com\/#\/schema\/logo\/image\/\"}},{\"@type\":\"Person\",\"@id\":\"https:\/\/kontent-structures.com\/#\/schema\/person\/33c07a2bc9b9cb5eb840c363eef75930\",\"name\":\"Adam\",\"image\":{\"@type\":\"ImageObject\",\"inLanguage\":\"de\",\"@id\":\"https:\/\/secure.gravatar.com\/avatar\/8b929554dbe98b69f308aa3bc51fc6fb8ba70fd5424a0020a7f9dc585f6cbf28?s=96&d=mm&r=g\",\"url\":\"https:\/\/secure.gravatar.com\/avatar\/8b929554dbe98b69f308aa3bc51fc6fb8ba70fd5424a0020a7f9dc585f6cbf28?s=96&d=mm&r=g\",\"contentUrl\":\"https:\/\/secure.gravatar.com\/avatar\/8b929554dbe98b69f308aa3bc51fc6fb8ba70fd5424a0020a7f9dc585f6cbf28?s=96&d=mm&r=g\",\"caption\":\"Adam\"},\"url\":\"https:\/\/kontent-structures.com\/de\/author\/kontent\/\"}]}<\/script>\n<!-- \/ Yoast SEO plugin. -->","yoast_head_json":{"title":"Vertriebszentrum Hema","description":"Aufgrund einer internen Renovierung und Neugestaltung des Geb\u00e4udes wurde beim Kunden ein tempor\u00e4res Lagerzelt aufgestellt.","robots":{"index":"index","follow":"follow","max-snippet":"max-snippet:-1","max-image-preview":"max-image-preview:large","max-video-preview":"max-video-preview:-1"},"canonical":"https:\/\/kontent-structures.com\/de\/temporares-verteilungszentrum-hema\/","og_locale":"de_DE","og_type":"article","og_title":"Vertriebszentrum Hema","og_description":"Aufgrund einer internen Renovierung und Neugestaltung des Geb\u00e4udes wurde beim Kunden ein tempor\u00e4res Lagerzelt aufgestellt.","og_url":"https:\/\/kontent-structures.com\/de\/temporares-verteilungszentrum-hema\/","og_site_name":"Kontent Structures","article_published_time":"2021-04-23T11:12:04+00:00","article_modified_time":"2021-08-16T06:07:45+00:00","og_image":[{"width":2560,"height":1237,"url":"https:\/\/kontent-structures.com\/wp-content\/uploads\/2021\/04\/Hema-buitenaf-1-min-scaled.jpg","type":"image\/jpeg"}],"author":"Adam","twitter_card":"summary_large_image","twitter_misc":{"Verfasst von":"Adam","Gesch\u00e4tzte Lesezeit":"1\u00a0Minute"},"schema":{"@context":"https:\/\/schema.org","@graph":[{"@type":"Article","@id":"https:\/\/kontent-structures.com\/de\/temporares-verteilungszentrum-hema\/#article","isPartOf":{"@id":"https:\/\/kontent-structures.com\/de\/temporares-verteilungszentrum-hema\/"},"author":{"name":"Adam","@id":"https:\/\/kontent-structures.com\/#\/schema\/person\/33c07a2bc9b9cb5eb840c363eef75930"},"headline":"Vertriebszentrum Hema","datePublished":"2021-04-23T11:12:04+00:00","dateModified":"2021-08-16T06:07:45+00:00","mainEntityOfPage":{"@id":"https:\/\/kontent-structures.com\/de\/temporares-verteilungszentrum-hema\/"},"wordCount":125,"publisher":{"@id":"https:\/\/kontent-structures.com\/#organization"},"image":{"@id":"https:\/\/kontent-structures.com\/de\/temporares-verteilungszentrum-hema\/#primaryimage"},"thumbnailUrl":"https:\/\/kontent-structures.com\/wp-content\/uploads\/2021\/04\/Hema-buitenaf-1-min-scaled.jpg","articleSection":["Cases"],"inLanguage":"de"},{"@type":"WebPage","@id":"https:\/\/kontent-structures.com\/de\/temporares-verteilungszentrum-hema\/","url":"https:\/\/kontent-structures.com\/de\/temporares-verteilungszentrum-hema\/","name":"Vertriebszentrum Hema","isPartOf":{"@id":"https:\/\/kontent-structures.com\/#website"},"primaryImageOfPage":{"@id":"https:\/\/kontent-structures.com\/de\/temporares-verteilungszentrum-hema\/#primaryimage"},"image":{"@id":"https:\/\/kontent-structures.com\/de\/temporares-verteilungszentrum-hema\/#primaryimage"},"thumbnailUrl":"https:\/\/kontent-structures.com\/wp-content\/uploads\/2021\/04\/Hema-buitenaf-1-min-scaled.jpg","datePublished":"2021-04-23T11:12:04+00:00","dateModified":"2021-08-16T06:07:45+00:00","description":"Aufgrund einer internen Renovierung und Neugestaltung des Geb\u00e4udes wurde beim Kunden ein tempor\u00e4res Lagerzelt aufgestellt.","breadcrumb":{"@id":"https:\/\/kontent-structures.com\/de\/temporares-verteilungszentrum-hema\/#breadcrumb"},"inLanguage":"de","potentialAction":[{"@type":"ReadAction","target":["https:\/\/kontent-structures.com\/de\/temporares-verteilungszentrum-hema\/"]}]},{"@type":"ImageObject","inLanguage":"de","@id":"https:\/\/kontent-structures.com\/de\/temporares-verteilungszentrum-hema\/#primaryimage","url":"https:\/\/kontent-structures.com\/wp-content\/uploads\/2021\/04\/Hema-buitenaf-1-min-scaled.jpg","contentUrl":"https:\/\/kontent-structures.com\/wp-content\/uploads\/2021\/04\/Hema-buitenaf-1-min-scaled.jpg","width":2560,"height":1237,"caption":"Hema distributiecentrum"},{"@type":"BreadcrumbList","@id":"https:\/\/kontent-structures.com\/de\/temporares-verteilungszentrum-hema\/#breadcrumb","itemListElement":[{"@type":"ListItem","position":1,"name":"Home","item":"https:\/\/kontent-structures.com\/de\/"},{"@type":"ListItem","position":2,"name":"Vertriebszentrum Hema"}]},{"@type":"WebSite","@id":"https:\/\/kontent-structures.com\/#website","url":"https:\/\/kontent-structures.com\/","name":"Kontent Structures","description":"En nog een WordPress site","publisher":{"@id":"https:\/\/kontent-structures.com\/#organization"},"potentialAction":[{"@type":"SearchAction","target":{"@type":"EntryPoint","urlTemplate":"https:\/\/kontent-structures.com\/?s={search_term_string}"},"query-input":{"@type":"PropertyValueSpecification","valueRequired":true,"valueName":"search_term_string"}}],"inLanguage":"de"},{"@type":"Organization","@id":"https:\/\/kontent-structures.com\/#organization","name":"Kontent Structures","url":"https:\/\/kontent-structures.com\/","logo":{"@type":"ImageObject","inLanguage":"de","@id":"https:\/\/kontent-structures.com\/#\/schema\/logo\/image\/","url":"https:\/\/kontent-structures.com\/wp-content\/uploads\/2021\/04\/Kontent-Structures-verkleind.png","contentUrl":"https:\/\/kontent-structures.com\/wp-content\/uploads\/2021\/04\/Kontent-Structures-verkleind.png","width":400,"height":355,"caption":"Kontent Structures"},"image":{"@id":"https:\/\/kontent-structures.com\/#\/schema\/logo\/image\/"}},{"@type":"Person","@id":"https:\/\/kontent-structures.com\/#\/schema\/person\/33c07a2bc9b9cb5eb840c363eef75930","name":"Adam","image":{"@type":"ImageObject","inLanguage":"de","@id":"https:\/\/secure.gravatar.com\/avatar\/8b929554dbe98b69f308aa3bc51fc6fb8ba70fd5424a0020a7f9dc585f6cbf28?s=96&d=mm&r=g","url":"https:\/\/secure.gravatar.com\/avatar\/8b929554dbe98b69f308aa3bc51fc6fb8ba70fd5424a0020a7f9dc585f6cbf28?s=96&d=mm&r=g","contentUrl":"https:\/\/secure.gravatar.com\/avatar\/8b929554dbe98b69f308aa3bc51fc6fb8ba70fd5424a0020a7f9dc585f6cbf28?s=96&d=mm&r=g","caption":"Adam"},"url":"https:\/\/kontent-structures.com\/de\/author\/kontent\/"}]}},"_links":{"self":[{"href":"https:\/\/kontent-structures.com\/de\/wp-json\/wp\/v2\/posts\/6356","targetHints":{"allow":["GET"]}}],"collection":[{"href":"https:\/\/kontent-structures.com\/de\/wp-json\/wp\/v2\/posts"}],"about":[{"href":"https:\/\/kontent-structures.com\/de\/wp-json\/wp\/v2\/types\/post"}],"author":[{"embeddable":true,"href":"https:\/\/kontent-structures.com\/de\/wp-json\/wp\/v2\/users\/2"}],"replies":[{"embeddable":true,"href":"https:\/\/kontent-structures.com\/de\/wp-json\/wp\/v2\/comments?post=6356"}],"version-history":[{"count":6,"href":"https:\/\/kontent-structures.com\/de\/wp-json\/wp\/v2\/posts\/6356\/revisions"}],"predecessor-version":[{"id":7066,"href":"https:\/\/kontent-structures.com\/de\/wp-json\/wp\/v2\/posts\/6356\/revisions\/7066"}],"wp:featuredmedia":[{"embeddable":true,"href":"https:\/\/kontent-structures.com\/de\/wp-json\/wp\/v2\/media\/6315"}],"wp:attachment":[{"href":"https:\/\/kontent-structures.com\/de\/wp-json\/wp\/v2\/media?parent=6356"}],"wp:term":[{"taxonomy":"category","embeddable":true,"href":"https:\/\/kontent-structures.com\/de\/wp-json\/wp\/v2\/categories?post=6356"},{"taxonomy":"post_tag","embeddable":true,"href":"https:\/\/kontent-structures.com\/de\/wp-json\/wp\/v2\/tags?post=6356"}],"curies":[{"name":"wp","href":"https:\/\/api.w.org\/{rel}","templated":true}]}}